{"id":6331,"date":"2023-09-06T12:22:15","date_gmt":"2023-09-06T10:22:15","guid":{"rendered":"https:\/\/www.smvictoria.pl\/?p=6331"},"modified":"2024-05-20T13:37:26","modified_gmt":"2024-05-20T11:37:26","slug":"zebrania-osiedli","status":"publish","type":"post","link":"https:\/\/www.smvictoria.pl\/?p=6331","title":{"rendered":"ZEBRANIA OSIEDLI"},"content":{"rendered":"<p>Zarz\u0105d Sp\u00f3\u0142dzielni Mieszkaniowej \u201eVictoria\u201d zaprasza cz\u0142onk\u00f3w Sp\u00f3\u0142dzielni zamieszka\u0142ych na poszczeg\u00f3lnych osiedlach na <strong>Zebrania Osiedli<\/strong>, kt\u00f3re odb\u0119d\u0105 si\u0119 w <span style=\"text-decoration: underline;\">Sali posiedze\u0144<\/span> w siedzibie Sp\u00f3\u0142dzielni<!--more-->, Os. Ko\u015bciuszkowskie 5 (pawilon):<br \/>\n&nbsp;<\/p>\n<ul>\n<li><strong>Zebranie Osiedla Ko\u015bciuszkowskiego<\/strong> w dniu 18 wrze\u015bnia br. (poniedzia\u0142ek) o godz. 17:00,<br \/>\n&nbsp;<br \/>\n<\/li>\n<\/ul>\n<ul>\n<li><strong>Zebranie Osiedla Niepodleg\u0142o\u015bci<\/strong> w dniu 19 wrze\u015bnia br. (wtorek) o godz. 17:00,<br \/>\n&nbsp;<br \/>\n<\/li>\n<\/ul>\n<ul>\n<li><strong>Zebranie Osiedla Alberty\u0144skiego<\/strong> w dniu 20 wrze\u015bnia br. (\u015broda) o godz. 17:00,<br \/>\n&nbsp;<br \/>\n<\/li>\n<\/ul>\n<ul>\n<li><strong>Zebranie Osiedla Kolorowego i Sp\u00f3\u0142dzielczego<\/strong> w dniu 21 wrze\u015bnia br. (czwartek) o godz. 17:00.<br \/>\n&nbsp;<br \/>\n<\/li>\n<\/ul>\n<p>&nbsp;<\/p>\n<p><span style=\"text-decoration: underline;\">Informacje statutowo-regulaminowe:<\/span><\/p>\n<ol>\n<li>Ka\u017cdy cz\u0142onek Sp\u00f3\u0142dzielni uczestniczy w zebraniu tylko jednego osiedla i przys\u0142uguje mu jeden g\u0142os.<\/li>\n<li>W zebraniu osiedla uczestnicz\u0105 cz\u0142onkowie wg kryterium miejsca zamieszkania lub miejsca po\u0142o\u017cenia lokalu. Cz\u0142onkowie posiadaj\u0105cy tytu\u0142 prawny do gara\u017cu a niezamieszkali w zasobach SM Victoria s\u0105 przydzieleni do poszczeg\u00f3lnych Zebra\u0144 Osiedli wg po\u0142o\u017cenia gara\u017cu.<\/li>\n<li>Cz\u0142onkowie mog\u0105 bra\u0107 udzia\u0142 w zebraniu osobi\u015bcie lub przez pe\u0142nomocnika. Pe\u0142nomocnictwo winno by\u0107 udzielone na pi\u015bmie.<\/li>\n<li>Warunkiem uczestnictwa w zebraniu i otrzymania mandatu jest okazanie dokumentu to\u017csamo\u015bci.<\/li>\n<\/ol>\n<table width=\"100%\" style=\"margin-bottom: 10px\">\r\n  <tr>\r\n    <td width=\"40\" style=\"vertical-align:top; padding-top: 3px;\"><img decoding=\"async\" src=\"https:\/\/www.smvictoria.pl\/wp-content\/uploads\/2015\/02\/pdf.png\" style=\"vertical-align:middle;\" \/><\/td>\r\n    <td><pdf-tytul><a href=\"https:\/\/www.smvictoria.pl\/?wpfb_dl=2061\">Regulamin Zebrania Osiedla <\/a><\/pdf-tytul><\/td>\r\n  <\/tr>\r\n<\/table>\n<p>&nbsp;<\/p>\n<p>W ramach Zebra\u0144 Osiedli odb\u0119d\u0105 si\u0119 <strong>wybory uzupe\u0142niaj\u0105ce<\/strong> do <a href=\"https:\/\/www.smvictoria.pl\/?page_id=324\">Rad Osiedli na kadencj\u0119 2023-2025<\/a> (wykaz wolnych mandat\u00f3w na stronie).<\/p>\n<p>Zgodnie z uchwalonym nowym brzmieniem \u00a7 11 ust. 3 <a href=\"https:\/\/www.smvictoria.pl\/?wpfb_dl=2061\">Regulaminu Zebrania Osiedla<\/a>:<\/p>\n<p><em>&#8222;Cz\u0142onkowie Zebrania Osiedla, kt\u00f3rzy chc\u0105 by\u0107 kandydatami do Rady Osiedla z danej nieruchomo\u015bci, podaj\u0105 swoje imi\u0119 i nazwisko oraz sw\u00f3j adres zamieszkania lub zostaj\u0105 zg\u0142oszeni przez cz\u0142onk\u00f3w Sp\u00f3\u0142dzielni obecnych na tym Zebraniu Osiedla i sk\u0142adaj\u0105 ustne o\u015bwiadczenie o wyra\u017ceniu zgody na kandydowanie.&#8221;<\/em><\/p>\n<p>Tym samym ka\u017cdy cz\u0142onek danego Zebrania Osiedla, je\u015bli tylko wyrazi tak\u0105 wol\u0119 i zgod\u0119, b\u0119dzie m\u00f3g\u0142 kandydowa\u0107 do Rady Osiedla (b\u0119dzie m\u00f3g\u0142 by\u0107 te\u017c zg\u0142oszony przez innego, dowolnego cz\u0142onka obecnego na danym zebraniu).<\/p>\n","protected":false},"excerpt":{"rendered":"<p>Zarz\u0105d Sp\u00f3\u0142dzielni Mieszkaniowej \u201eVictoria\u201d zaprasza cz\u0142onk\u00f3w Sp\u00f3\u0142dzielni zamieszka\u0142ych na poszczeg\u00f3lnych osiedlach na Zebrania Osiedli, kt\u00f3re odb\u0119d\u0105 si\u0119 w Sali posiedze\u0144 w siedzibie Sp\u00f3\u0142dzielni<\/p>\n","protected":false},"author":1,"featured_media":0,"comment_status":"closed","ping_status":"closed","sticky":false,"template":"","format":"standard","meta":{"ngg_post_thumbnail":0,"footnotes":""},"categories":[1],"tags":[],"class_list":["post-6331","post","type-post","status-publish","format-standard","hentry","category-bez-kategorii"],"_links":{"self":[{"href":"https:\/\/www.smvictoria.pl\/index.php?rest_route=\/wp\/v2\/posts\/6331","targetHints":{"allow":["GET"]}}],"collection":[{"href":"https:\/\/www.smvictoria.pl\/index.php?rest_route=\/wp\/v2\/posts"}],"about":[{"href":"https:\/\/www.smvictoria.pl\/index.php?rest_route=\/wp\/v2\/types\/post"}],"author":[{"embeddable":true,"href":"https:\/\/www.smvictoria.pl\/index.php?rest_route=\/wp\/v2\/users\/1"}],"replies":[{"embeddable":true,"href":"https:\/\/www.smvictoria.pl\/index.php?rest_route=%2Fwp%2Fv2%2Fcomments&post=6331"}],"version-history":[{"count":46,"href":"https:\/\/www.smvictoria.pl\/index.php?rest_route=\/wp\/v2\/posts\/6331\/revisions"}],"predecessor-version":[{"id":6382,"href":"https:\/\/www.smvictoria.pl\/index.php?rest_route=\/wp\/v2\/posts\/6331\/revisions\/6382"}],"wp:attachment":[{"href":"https:\/\/www.smvictoria.pl\/index.php?rest_route=%2Fwp%2Fv2%2Fmedia&parent=6331"}],"wp:term":[{"taxonomy":"category","embeddable":true,"href":"https:\/\/www.smvictoria.pl\/index.php?rest_route=%2Fwp%2Fv2%2Fcategories&post=6331"},{"taxonomy":"post_tag","embeddable":true,"href":"https:\/\/www.smvictoria.pl\/index.php?rest_route=%2Fwp%2Fv2%2Ftags&post=6331"}],"curies":[{"name":"wp","href":"https:\/\/api.w.org\/{rel}","templated":true}]}}