{"id":7964,"date":"2025-01-15T12:04:07","date_gmt":"2025-01-15T11:04:07","guid":{"rendered":"https:\/\/www.smvictoria.pl\/?p=7964"},"modified":"2025-03-25T12:19:14","modified_gmt":"2025-03-25T11:19:14","slug":"przetarg-nieograniczony-10","status":"publish","type":"post","link":"https:\/\/www.smvictoria.pl\/?p=7964","title":{"rendered":"Przetarg nieograniczony"},"content":{"rendered":"<p>Sp\u00f3\u0142dzielnia Mieszkaniowa \u201eVictoria\u201d informuje, i\u017c w wyniku przetargu wy\u0142oniono najkorzystniejsz\u0105 ofert\u0119 z\u0142o\u017con\u0105 przez Firm\u0119 Patryk Kruszyna Raciborsko 108, 32-020 Wieliczka.<\/p>\n<p><!--more--><\/p>\n<p><strong>Sp\u00f3\u0142dzielnia Mieszkaniowa \u201eVICTORIA\u201d z siedzib\u0105 w Krakowie na<br \/>\nos. Ko\u015bciuszkowskim 5 og\u0142asza przetarg nieograniczony na wykonanie okresowego <\/strong><strong>czterokrotnego koszenia trawy wraz ze zgrabieniem i wywozem z powierzchni \u0142\u0105cznej oko\u0142o 12,5 ha teren\u00f3w zielonych b\u0119d\u0105cych w zasobach Sp\u00f3\u0142dzielni Mieszkaniowej \u201eVICTORIA\u201d w Krakowie w&nbsp;2025 r.<\/strong><\/p>\n<p><!--more--><\/p>\n<p>Ofert\u0119 w zamkni\u0119tej kopercie nale\u017cy z\u0142o\u017cy\u0107 w Sp\u00f3\u0142dzielni Mieszkaniowej \u201eVictoria\u201d na dzienniku podawczym &nbsp;lub przes\u0142a\u0107 na adres Sp\u00f3\u0142dzielni Krak\u00f3w os. Ko\u015bciuszkowskie 5,<br \/>\n31-858 Krak\u00f3w&nbsp;<strong>w terminie do dnia 11 lutego 2025 r. do godz. 9.00 <\/strong><\/p>\n<p><strong>Szczeg\u00f3\u0142owe informacje w powy\u017cszej sprawie opisane s\u0105 w Specyfikacji Warunk\u00f3w Zam\u00f3wienia stanowi\u0105c\u0105 integraln\u0105 cz\u0119\u015b\u0107 niniejszego og\u0142oszenia<\/strong>&nbsp;(za\u0142\u0105czniki poni\u017cej).<\/p>\n<table width=\"100%\" style=\"margin-bottom: 10px\">\r\n  <tr>\r\n    <td width=\"40\" style=\"vertical-align:top; padding-top: 3px;\"><img decoding=\"async\" src=\"https:\/\/www.smvictoria.pl\/wp-content\/uploads\/2015\/02\/pdf.png\" style=\"vertical-align:middle;\" \/><\/td>\r\n    <td><pdf-tytul><a href=\"https:\/\/www.smvictoria.pl\/?wpfb_dl=2512\">SWZ +za\u0142\u0105czniki <\/a><\/pdf-tytul><\/td>\r\n  <\/tr>\r\n<\/table>\n<table width=\"100%\" style=\"margin-bottom: 10px\">\r\n  <tr>\r\n    <td width=\"40\" style=\"vertical-align:top; padding-top: 3px;\"><img decoding=\"async\" src=\"https:\/\/www.smvictoria.pl\/wp-content\/uploads\/2015\/02\/pdf.png\" style=\"vertical-align:middle;\" \/><\/td>\r\n    <td><pdf-tytul><a href=\"https:\/\/www.smvictoria.pl\/?wpfb_dl=1880\">Regulamin przetarg\u00f3w na dostawy, us\u0142ugi i prace remontowo-budowlane<\/a><\/pdf-tytul><\/td>\r\n  <\/tr>\r\n<\/table>\n<p>&nbsp;<\/p>\n<p>Dodatkowo wszelkie niezb\u0119dne informacje mo\u017cna uzyska\u0107 w siedzibie Sp\u00f3\u0142dzielni<br \/>\nw Krakowie na os. Ko\u015bciuszkowskim 5, pok\u00f3j numer <strong>4<\/strong> lub pod numerami telefon\u00f3w;<br \/>\n(12) 648-51-83 wew. 2 lub kom.: 532-630-247, 532-630-246, 600-253-174<\/p>\n<p><strong>Termin otwarcia ofert \u2013 11 lutego 2025 r. godzina 10.00. <\/strong><\/p>\n<p>Sp\u00f3\u0142dzielnia Mieszkaniowa \u201eVictoria\u201d zastrzega sobie prawo wyboru oferenta, zmiany zakresu rob\u00f3t do wysoko\u015bci posiadanych \u015brodk\u00f3w finansowych oraz do uniewa\u017cnienia cz\u0119\u015bci<br \/>\nlub ca\u0142o\u015bci przetargu bez podania przyczyny.<\/p>\n<p>&nbsp;<\/p>\n","protected":false},"excerpt":{"rendered":"<p>Sp\u00f3\u0142dzielnia Mieszkaniowa \u201eVictoria\u201d informuje, i\u017c w wyniku przetargu wy\u0142oniono najkorzystniejsz\u0105 ofert\u0119 z\u0142o\u017con\u0105 przez Firm\u0119 Patryk Kruszyna Raciborsko 108, 32-020 Wieliczka.<\/p>\n","protected":false},"author":101326,"featured_media":0,"comment_status":"closed","ping_status":"closed","sticky":false,"template":"","format":"standard","meta":{"ngg_post_thumbnail":0,"footnotes":""},"categories":[7],"tags":[],"class_list":["post-7964","post","type-post","status-publish","format-standard","hentry","category-przetargi"],"_links":{"self":[{"href":"https:\/\/www.smvictoria.pl\/index.php?rest_route=\/wp\/v2\/posts\/7964","targetHints":{"allow":["GET"]}}],"collection":[{"href":"https:\/\/www.smvictoria.pl\/index.php?rest_route=\/wp\/v2\/posts"}],"about":[{"href":"https:\/\/www.smvictoria.pl\/index.php?rest_route=\/wp\/v2\/types\/post"}],"author":[{"embeddable":true,"href":"https:\/\/www.smvictoria.pl\/index.php?rest_route=\/wp\/v2\/users\/101326"}],"replies":[{"embeddable":true,"href":"https:\/\/www.smvictoria.pl\/index.php?rest_route=%2Fwp%2Fv2%2Fcomments&post=7964"}],"version-history":[{"count":5,"href":"https:\/\/www.smvictoria.pl\/index.php?rest_route=\/wp\/v2\/posts\/7964\/revisions"}],"predecessor-version":[{"id":8020,"href":"https:\/\/www.smvictoria.pl\/index.php?rest_route=\/wp\/v2\/posts\/7964\/revisions\/8020"}],"wp:attachment":[{"href":"https:\/\/www.smvictoria.pl\/index.php?rest_route=%2Fwp%2Fv2%2Fmedia&parent=7964"}],"wp:term":[{"taxonomy":"category","embeddable":true,"href":"https:\/\/www.smvictoria.pl\/index.php?rest_route=%2Fwp%2Fv2%2Fcategories&post=7964"},{"taxonomy":"post_tag","embeddable":true,"href":"https:\/\/www.smvictoria.pl\/index.php?rest_route=%2Fwp%2Fv2%2Ftags&post=7964"}],"curies":[{"name":"wp","href":"https:\/\/api.w.org\/{rel}","templated":true}]}}