{"id":7997,"date":"2025-01-28T16:53:39","date_gmt":"2025-01-28T15:53:39","guid":{"rendered":"https:\/\/www.smvictoria.pl\/?p=7997"},"modified":"2025-03-25T12:19:56","modified_gmt":"2025-03-25T11:19:56","slug":"przetarg-nieograniczony-13","status":"publish","type":"post","link":"https:\/\/www.smvictoria.pl\/?p=7997","title":{"rendered":"Przetarg nieograniczony"},"content":{"rendered":"<p>Sp\u00f3\u0142dzielnia Mieszkaniowa \u201eVictoria\u201d informuje, i\u017c w wyniku przetargu wy\u0142oniono najkorzystniejsze oferty :<\/p>\n<p>Malowanie klatek schodowych , z\u0142o\u017con\u0105 przez P.U.&#8221;EKO-KOLOR&#8221; Janusz Hardek ul.R\u00f3\u017cana 26, 32-051 Ja\u015bkowice.<\/p>\n<p>Wymiana wodomierzy, z\u0142o\u017con\u0105 przez PLUS AQUA Instalacje ul.Konecznego 6\/11U, 31-216 Krak\u00f3w<!--more--><\/p>\n<p>&nbsp;<\/p>\n<p>Sp\u00f3\u0142dzielnia Mieszkaniowa \u201eVictoria\u201d w Krakowie og\u0142asza przetargi<br \/>\nnieograniczone na nast\u0119puj\u0105ce roboty:<br \/>\n1. Remont klatek schodowych: os. Ko\u015bciuszkowskie 6, os. Niepodleg\u0142o\u015bci 6, os.<br \/>\nKolorowe 11a w Krakowie.<br \/>\n2. Remont balkon\u00f3w: os. Ko\u015bciuszkowskie 11 w Krakowie.<br \/>\n3. Wymiana wodomierzy wody ciep\u0142ej: os. Ko\u015bciuszkowskie 6, os. Niepodleg\u0142o\u015bci 8, 10 w Krakowie.<\/p>\n<p><!--more--><\/p>\n<p><strong>Szczeg\u00f3\u0142owe informacje w powy\u017cszej sprawie opisane s\u0105 w Specyfikacji Warunk\u00f3w Zam\u00f3wienia stanowi\u0105c\u0105 integraln\u0105 cz\u0119\u015b\u0107 niniejszego og\u0142oszenia<\/strong>&nbsp;(za\u0142\u0105czniki poni\u017cej).<\/p>\n<table width=\"100%\" style=\"margin-bottom: 10px\">\r\n  <tr>\r\n    <td width=\"40\" style=\"vertical-align:top; padding-top: 3px;\"><img decoding=\"async\" src=\"https:\/\/www.smvictoria.pl\/wp-content\/uploads\/2015\/02\/pdf.png\" style=\"vertical-align:middle;\" \/><\/td>\r\n    <td><pdf-tytul><a href=\"https:\/\/www.smvictoria.pl\/?wpfb_dl=2528\">SWZ - Malowanie Klatek Schodowych 2025<\/a><\/pdf-tytul><\/td>\r\n  <\/tr>\r\n<\/table>\n<table width=\"100%\" style=\"margin-bottom: 10px\">\r\n  <tr>\r\n    <td width=\"40\" style=\"vertical-align:top; padding-top: 3px;\"><img decoding=\"async\" src=\"https:\/\/www.smvictoria.pl\/wp-content\/uploads\/2015\/02\/pdf.png\" style=\"vertical-align:middle;\" \/><\/td>\r\n    <td><pdf-tytul><a href=\"https:\/\/www.smvictoria.pl\/?wpfb_dl=2527\">SWZ - Remont Balkon\u00f3w 2025<\/a><\/pdf-tytul><\/td>\r\n  <\/tr>\r\n<\/table>\n<table width=\"100%\" style=\"margin-bottom: 10px\">\r\n  <tr>\r\n    <td width=\"40\" style=\"vertical-align:top; padding-top: 3px;\"><img decoding=\"async\" src=\"https:\/\/www.smvictoria.pl\/wp-content\/uploads\/2015\/02\/pdf.png\" style=\"vertical-align:middle;\" \/><\/td>\r\n    <td><pdf-tytul><a href=\"https:\/\/www.smvictoria.pl\/?wpfb_dl=2526\">SWZ Wodomierze Radiowe 2025<\/a><\/pdf-tytul><\/td>\r\n  <\/tr>\r\n<\/table>\n<table width=\"100%\" style=\"margin-bottom: 10px\">\r\n  <tr>\r\n    <td width=\"40\" style=\"vertical-align:top; padding-top: 3px;\"><img decoding=\"async\" src=\"https:\/\/www.smvictoria.pl\/wp-content\/uploads\/2015\/02\/pdf.png\" style=\"vertical-align:middle;\" \/><\/td>\r\n    <td><pdf-tytul><a href=\"https:\/\/www.smvictoria.pl\/?wpfb_dl=1880\">Regulamin przetarg\u00f3w na dostawy, us\u0142ugi i prace remontowo-budowlane<\/a><\/pdf-tytul><\/td>\r\n  <\/tr>\r\n<\/table>\n<p>Informacje oraz Specyfikacj\u0119 Warunk\u00f3w Zam\u00f3wienia dla przygotowania ka\u017cdej<br \/>\nz ofert mo\u017cna uzyska\u0107 w siedzibie SM VICTORIA os. Ko\u015bciuszkowskie 5<br \/>\nw Krakowie. Godziny urz\u0119dowania: poniedzia\u0142ek, wtorek, czwartek, pi\u0105tek&nbsp;<br \/>\n8 00 \u201313 00 . Oferent powinien zapozna\u0107 si\u0119 z Regulaminem przetarg\u00f3w.<br \/>\nTermin sk\u0142adania ofert: 19.02.2025 r.<br \/>\nTermin otwarcia ofert: 19.02.2025 r.<br \/>\nTermin og\u0142oszenia wynik\u00f3w przetargu: 26.02.2025 r.<br \/>\nSp\u00f3\u0142dzielnia zastrzega sobie prawo wyboru dowolnego oferenta, zmiany zakresu<br \/>\nrob\u00f3t do wysoko\u015bci posiadanych \u015brodk\u00f3w finansowych oraz do uniewa\u017cnienia<br \/>\ncz\u0119\u015bci lub ca\u0142o\u015bci przetargu bez podania przyczyny.<\/p>\n","protected":false},"excerpt":{"rendered":"<p>Sp\u00f3\u0142dzielnia Mieszkaniowa \u201eVictoria\u201d informuje, i\u017c w wyniku przetargu wy\u0142oniono najkorzystniejsze oferty : Malowanie klatek schodowych , z\u0142o\u017con\u0105 przez P.U.&#8221;EKO-KOLOR&#8221; Janusz Hardek ul.R\u00f3\u017cana 26, 32-051 Ja\u015bkowice. Wymiana wodomierzy, z\u0142o\u017con\u0105 przez PLUS AQUA Instalacje ul.Konecznego 6\/11U, 31-216 Krak\u00f3w<\/p>\n","protected":false},"author":101326,"featured_media":0,"comment_status":"closed","ping_status":"closed","sticky":false,"template":"","format":"standard","meta":{"ngg_post_thumbnail":0,"footnotes":""},"categories":[7],"tags":[],"class_list":["post-7997","post","type-post","status-publish","format-standard","hentry","category-przetargi"],"_links":{"self":[{"href":"https:\/\/www.smvictoria.pl\/index.php?rest_route=\/wp\/v2\/posts\/7997","targetHints":{"allow":["GET"]}}],"collection":[{"href":"https:\/\/www.smvictoria.pl\/index.php?rest_route=\/wp\/v2\/posts"}],"about":[{"href":"https:\/\/www.smvictoria.pl\/index.php?rest_route=\/wp\/v2\/types\/post"}],"author":[{"embeddable":true,"href":"https:\/\/www.smvictoria.pl\/index.php?rest_route=\/wp\/v2\/users\/101326"}],"replies":[{"embeddable":true,"href":"https:\/\/www.smvictoria.pl\/index.php?rest_route=%2Fwp%2Fv2%2Fcomments&post=7997"}],"version-history":[{"count":5,"href":"https:\/\/www.smvictoria.pl\/index.php?rest_route=\/wp\/v2\/posts\/7997\/revisions"}],"predecessor-version":[{"id":8034,"href":"https:\/\/www.smvictoria.pl\/index.php?rest_route=\/wp\/v2\/posts\/7997\/revisions\/8034"}],"wp:attachment":[{"href":"https:\/\/www.smvictoria.pl\/index.php?rest_route=%2Fwp%2Fv2%2Fmedia&parent=7997"}],"wp:term":[{"taxonomy":"category","embeddable":true,"href":"https:\/\/www.smvictoria.pl\/index.php?rest_route=%2Fwp%2Fv2%2Fcategories&post=7997"},{"taxonomy":"post_tag","embeddable":true,"href":"https:\/\/www.smvictoria.pl\/index.php?rest_route=%2Fwp%2Fv2%2Ftags&post=7997"}],"curies":[{"name":"wp","href":"https:\/\/api.w.org\/{rel}","templated":true}]}}