{"id":8199,"date":"2025-06-11T11:51:18","date_gmt":"2025-06-11T09:51:18","guid":{"rendered":"https:\/\/www.smvictoria.pl\/?p=8199"},"modified":"2025-11-26T14:08:25","modified_gmt":"2025-11-26T13:08:25","slug":"przetarg-nieograniczony-21","status":"publish","type":"post","link":"https:\/\/www.smvictoria.pl\/?p=8199","title":{"rendered":"Przetarg nieograniczony"},"content":{"rendered":"<p><strong>Sp\u00f3\u0142dzielnia Mieszkaniowa \u201eVictoria\u201d w Krakowie <\/strong>og\u0142asza przetarg nieograniczony na nast\u0119puj\u0105ce roboty:<\/p>\n<ol>\n<li>remont pasa podrynnowego os. Alberty\u0144skie 38 (klatki 1 i 6) w Krakowie,<\/li>\n<li>remont dachu os. Dywizjonu 303 gara\u017ce zesp\u00f3\u0142 nr 2 (nad gara\u017cami 56-64) w Krakowie.<\/li>\n<\/ol>\n<p><!--more--><\/p>\n<p>Informacje oraz Specyfikacj\u0119 Warunk\u00f3w Zam\u00f3wienia dla przygotowania ka\u017cdej z ofert mo\u017cna uzyska\u0107 w siedzibie SM VICTORIA os. Ko\u015bciuszkowskie 5<br \/>\nw Krakowie.<\/p>\n<p><strong>Godziny urz\u0119dowania:<\/strong> poniedzia\u0142ek, wtorek, czwartek, pi\u0105tek&nbsp; 8<sup>00<\/sup>\u201313<sup>00<\/sup>. Oferent powinien zapozna\u0107 si\u0119 z Regulaminem przetarg\u00f3w.<\/p>\n<p>Termin sk\u0142adania ofert: 03.07.2025 r.<\/p>\n<p>Termin otwarcia ofert: 03.07.2025 r.<\/p>\n<p>Termin og\u0142oszenia wynik\u00f3w przetargu: 09.07.2025 r.<\/p>\n<p>Sp\u00f3\u0142dzielnia zastrzega sobie prawo wyboru dowolnego oferenta, zmiany zakresu rob\u00f3t do wysoko\u015bci posiadanych \u015brodk\u00f3w finansowych oraz do uniewa\u017cnienia cz\u0119\u015bci lub ca\u0142o\u015bci przetargu bez podania przyczyny.<\/p>\n<table width=\"100%\" style=\"margin-bottom: 10px\">\r\n  <tr>\r\n    <td width=\"40\" style=\"vertical-align:top; padding-top: 3px;\"><img decoding=\"async\" src=\"https:\/\/www.smvictoria.pl\/wp-content\/uploads\/2015\/02\/pdf.png\" style=\"vertical-align:middle;\" \/><\/td>\r\n    <td><pdf-tytul><a href=\"https:\/\/www.smvictoria.pl\/?wpfb_dl=2629\">Specyfikacja warunk\u00f3w zam\u00f3wienia <\/a><\/pdf-tytul><\/td>\r\n  <\/tr>\r\n<\/table>\n<table width=\"100%\" style=\"margin-bottom: 10px\">\r\n  <tr>\r\n    <td width=\"40\" style=\"vertical-align:top; padding-top: 3px;\"><img decoding=\"async\" src=\"https:\/\/www.smvictoria.pl\/wp-content\/uploads\/2015\/02\/pdf.png\" style=\"vertical-align:middle;\" \/><\/td>\r\n    <td><pdf-tytul><a href=\"https:\/\/www.smvictoria.pl\/?wpfb_dl=1880\">Regulamin przetarg\u00f3w na dostawy, us\u0142ugi i prace remontowo-budowlane<\/a><\/pdf-tytul><\/td>\r\n  <\/tr>\r\n<\/table>\n<p>&nbsp;<\/p>\n","protected":false},"excerpt":{"rendered":"<p>Sp\u00f3\u0142dzielnia Mieszkaniowa \u201eVictoria\u201d w Krakowie og\u0142asza przetarg nieograniczony na nast\u0119puj\u0105ce roboty: remont pasa podrynnowego os. Alberty\u0144skie 38 (klatki 1 i 6) w Krakowie, remont dachu os. Dywizjonu 303 gara\u017ce zesp\u00f3\u0142 nr 2 (nad gara\u017cami 56-64) w Krakowie.<\/p>\n","protected":false},"author":101326,"featured_media":0,"comment_status":"closed","ping_status":"closed","sticky":false,"template":"","format":"standard","meta":{"ngg_post_thumbnail":0,"footnotes":""},"categories":[7],"tags":[],"class_list":["post-8199","post","type-post","status-publish","format-standard","hentry","category-przetargi"],"_links":{"self":[{"href":"https:\/\/www.smvictoria.pl\/index.php?rest_route=\/wp\/v2\/posts\/8199","targetHints":{"allow":["GET"]}}],"collection":[{"href":"https:\/\/www.smvictoria.pl\/index.php?rest_route=\/wp\/v2\/posts"}],"about":[{"href":"https:\/\/www.smvictoria.pl\/index.php?rest_route=\/wp\/v2\/types\/post"}],"author":[{"embeddable":true,"href":"https:\/\/www.smvictoria.pl\/index.php?rest_route=\/wp\/v2\/users\/101326"}],"replies":[{"embeddable":true,"href":"https:\/\/www.smvictoria.pl\/index.php?rest_route=%2Fwp%2Fv2%2Fcomments&post=8199"}],"version-history":[{"count":3,"href":"https:\/\/www.smvictoria.pl\/index.php?rest_route=\/wp\/v2\/posts\/8199\/revisions"}],"predecessor-version":[{"id":8202,"href":"https:\/\/www.smvictoria.pl\/index.php?rest_route=\/wp\/v2\/posts\/8199\/revisions\/8202"}],"wp:attachment":[{"href":"https:\/\/www.smvictoria.pl\/index.php?rest_route=%2Fwp%2Fv2%2Fmedia&parent=8199"}],"wp:term":[{"taxonomy":"category","embeddable":true,"href":"https:\/\/www.smvictoria.pl\/index.php?rest_route=%2Fwp%2Fv2%2Fcategories&post=8199"},{"taxonomy":"post_tag","embeddable":true,"href":"https:\/\/www.smvictoria.pl\/index.php?rest_route=%2Fwp%2Fv2%2Ftags&post=8199"}],"curies":[{"name":"wp","href":"https:\/\/api.w.org\/{rel}","templated":true}]}}