{"id":8564,"date":"2026-01-08T14:54:11","date_gmt":"2026-01-08T13:54:11","guid":{"rendered":"https:\/\/www.smvictoria.pl\/?p=8564"},"modified":"2026-02-16T11:45:31","modified_gmt":"2026-02-16T10:45:31","slug":"przetarg-nieograniczony-26","status":"publish","type":"post","link":"https:\/\/www.smvictoria.pl\/?p=8564","title":{"rendered":"Przetarg nieograniczony"},"content":{"rendered":"<p>Sp\u00f3\u0142dzielnia Mieszkaniowa &#8222;Victoria&#8221; w Krakowie og\u0142asza post\u0119powanie przetargowe:<\/p>\n<p><!--more--><\/p>\n<table style=\"width: 100%;\">\n<tbody>\n<tr>\n<td style=\"width: 49.5482%;\">Tryb zam\u00f3wienia:<\/td>\n<td style=\"width: 49.8494%;\"><strong>Przetarg nieograniczony<\/strong><\/td>\n<\/tr>\n<tr>\n<td style=\"width: 49.5482%;\">Przedmiot zam\u00f3wienia:<\/td>\n<td style=\"width: 49.8494%;\"><strong>Sp\u00f3\u0142dzielnia Mieszkaniowa ,,Victoria\u201d z siedzib\u0105 w Krakowie na os. Ko\u015bciuszkowskim 5 og\u0142asza przetarg nieograniczony na wykonanie Us\u0142ugi piel\u0119gnacji zieleni wysokiej wraz z wywozem masy zielonej, w zasobach Sp\u00f3\u0142dzielni Mieszkaniowej \u201eVICTORIA&#8221; w Krakowie.<\/strong><\/td>\n<\/tr>\n<tr>\n<td style=\"width: 49.5482%;\">Specyfikacja Warunk\u00f3w Zam\u00f3wienia (SWZ):<\/td>\n<td style=\"width: 49.8494%;\"><table width=\"100%\" style=\"margin-bottom: 10px\">\r\n  <tr>\r\n    <td width=\"40\" style=\"vertical-align:top; padding-top: 3px;\"><img decoding=\"async\" src=\"https:\/\/www.smvictoria.pl\/wp-content\/uploads\/2015\/02\/pdf.png\" style=\"vertical-align:middle;\" \/><\/td>\r\n    <td><pdf-tytul><a href=\"https:\/\/www.smvictoria.pl\/?wpfb_dl=2761\">Specyfikacja Warunk\u00f3w Zam\u00f3wienia<\/a><\/pdf-tytul><\/td>\r\n  <\/tr>\r\n<\/table><\/td>\n<\/tr>\n<tr>\n<td style=\"width: 49.5482%;\">Termin wykonania zam\u00f3wienia:<\/td>\n<td style=\"width: 49.8494%;\"><strong>16.02.2026r. do 31.12.2028r.<\/strong><\/td>\n<\/tr>\n<tr>\n<td style=\"width: 49.5482%;\">Termin sk\u0142adania ofert:<\/td>\n<td style=\"width: 49.8494%;\"><strong>30.01.2026 r., godz. 11:00<\/strong><\/td>\n<\/tr>\n<tr>\n<td style=\"width: 49.5482%;\">Termin otwarcia ofert:<\/td>\n<td style=\"width: 49.8494%;\"><strong>30.01.2026 r., godz. 12:00<\/strong><\/td>\n<\/tr>\n<tr>\n<td style=\"width: 49.5482%;\">Termin og\u0142oszenia wynik\u00f3w:<\/td>\n<td style=\"width: 49.8494%;\"><strong>06.02.2026 r.<\/strong><\/td>\n<\/tr>\n<tr>\n<td style=\"width: 49.5482%;\"><strong>Protok\u00f3\u0142 komisji przetargowej:<\/strong><\/td>\n<td style=\"width: 49.8494%;\"><table width=\"100%\" style=\"margin-bottom: 10px\">\r\n  <tr>\r\n    <td width=\"40\" style=\"vertical-align:top; padding-top: 3px;\"><img decoding=\"async\" src=\"https:\/\/www.smvictoria.pl\/wp-content\/uploads\/2015\/02\/pdf.png\" style=\"vertical-align:middle;\" \/><\/td>\r\n    <td><pdf-tytul><a href=\"https:\/\/www.smvictoria.pl\/?wpfb_dl=2777\">Wyniki Przetargu Na Us\u0142ugi Piel\u0119gnacji Zieleni Wysokiej<\/a><\/pdf-tytul><\/td>\r\n  <\/tr>\r\n<\/table><\/td>\n<\/tr>\n<tr>\n<td style=\"width: 49.5482%;\"><strong>Wybrany wykonawca:<\/strong><\/td>\n<td style=\"width: 49.8494%;\"><strong>Klimat Zieleni Sp. z o.o. ul.Brzeziny 2, 32-010 Wilk\u00f3w<\/strong><\/td>\n<\/tr>\n<\/tbody>\n<\/table>\n<p>Sp\u00f3\u0142dzielnia zastrzega sobie prawo do uniewa\u017cnienia post\u0119powania w ca\u0142o\u015bci lub w cz\u0119\u015bci bez podania przyczyny, a tak\u017ce do zmiany zakresu zam\u00f3wienia, zgodnie z &#8222;Regulaminem przetarg\u00f3w na dostawy, us\u0142ugi i prace remontowo-budowlane&#8221;.<br \/>\n<table width=\"100%\" style=\"margin-bottom: 10px\">\r\n  <tr>\r\n    <td width=\"40\" style=\"vertical-align:top; padding-top: 3px;\"><img decoding=\"async\" src=\"https:\/\/www.smvictoria.pl\/wp-content\/uploads\/2015\/02\/pdf.png\" style=\"vertical-align:middle;\" \/><\/td>\r\n    <td><pdf-tytul><a href=\"https:\/\/www.smvictoria.pl\/?wpfb_dl=2713\">Regulamin Przetarg\u00f3w Na Dostawy Us\u0142ugi I Prace Remontowo Budowlane<\/a><\/pdf-tytul><\/td>\r\n  <\/tr>\r\n<\/table>\n","protected":false},"excerpt":{"rendered":"<p>Sp\u00f3\u0142dzielnia Mieszkaniowa &#8222;Victoria&#8221; w Krakowie og\u0142asza post\u0119powanie przetargowe:<\/p>\n","protected":false},"author":101326,"featured_media":0,"comment_status":"closed","ping_status":"closed","sticky":false,"template":"","format":"standard","meta":{"ngg_post_thumbnail":0,"footnotes":""},"categories":[7],"tags":[],"class_list":["post-8564","post","type-post","status-publish","format-standard","hentry","category-przetargi"],"_links":{"self":[{"href":"https:\/\/www.smvictoria.pl\/index.php?rest_route=\/wp\/v2\/posts\/8564","targetHints":{"allow":["GET"]}}],"collection":[{"href":"https:\/\/www.smvictoria.pl\/index.php?rest_route=\/wp\/v2\/posts"}],"about":[{"href":"https:\/\/www.smvictoria.pl\/index.php?rest_route=\/wp\/v2\/types\/post"}],"author":[{"embeddable":true,"href":"https:\/\/www.smvictoria.pl\/index.php?rest_route=\/wp\/v2\/users\/101326"}],"replies":[{"embeddable":true,"href":"https:\/\/www.smvictoria.pl\/index.php?rest_route=%2Fwp%2Fv2%2Fcomments&post=8564"}],"version-history":[{"count":8,"href":"https:\/\/www.smvictoria.pl\/index.php?rest_route=\/wp\/v2\/posts\/8564\/revisions"}],"predecessor-version":[{"id":8632,"href":"https:\/\/www.smvictoria.pl\/index.php?rest_route=\/wp\/v2\/posts\/8564\/revisions\/8632"}],"wp:attachment":[{"href":"https:\/\/www.smvictoria.pl\/index.php?rest_route=%2Fwp%2Fv2%2Fmedia&parent=8564"}],"wp:term":[{"taxonomy":"category","embeddable":true,"href":"https:\/\/www.smvictoria.pl\/index.php?rest_route=%2Fwp%2Fv2%2Fcategories&post=8564"},{"taxonomy":"post_tag","embeddable":true,"href":"https:\/\/www.smvictoria.pl\/index.php?rest_route=%2Fwp%2Fv2%2Ftags&post=8564"}],"curies":[{"name":"wp","href":"https:\/\/api.w.org\/{rel}","templated":true}]}}