{"id":8754,"date":"2026-04-27T14:29:25","date_gmt":"2026-04-27T12:29:25","guid":{"rendered":"https:\/\/www.smvictoria.pl\/?p=8754"},"modified":"2026-04-27T14:29:25","modified_gmt":"2026-04-27T12:29:25","slug":"akty-wandalizmu","status":"publish","type":"post","link":"https:\/\/www.smvictoria.pl\/?p=8754","title":{"rendered":"Akty wandalizmu"},"content":{"rendered":"<p><strong>Szanowni Mieszka\u0144cy,<\/strong><\/p>\n<p>W zwi\u0105zku z nasileniem przypadk\u00f3w wandalizmu, odnotowanych w ostatnim czasie na terenie zasob\u00f3w Sp\u00f3\u0142dzielni, Zarz\u0105d podj\u0105\u0142 zdecydowane dzia\u0142ania zmierzaj\u0105ce do ograniczenia<br \/>\ni wyeliminowania tego zjawiska.<\/p>\n<p><!--more--><\/p>\n<p>W szczeg\u00f3lno\u015bci:<\/p>\n<ul>\n<li>zintensyfikowano wsp\u00f3\u0142prac\u0119 z w\u0142a\u015bciwym komisariatem Policji,<\/li>\n<li>skierowano stosowne pismo do Stra\u017cy Miejskiej,<\/li>\n<li>prowadzone s\u0105 czynno\u015bci maj\u0105ce na celu ustalenie sprawc\u00f3w akt\u00f3w wandalizmu<br \/>\n(malowania graffiti z obra\u017aliwymi wyrazami) na osiedlu Ko\u015bciuszkowskim (wed\u0142ug wst\u0119pnych ustale\u0144 mog\u0105 to by\u0107 incydenty zwi\u0105zane z porachunkami \u015brodowisk pseudokibic\u00f3w).<\/li>\n<\/ul>\n<p>R\u00f3wnolegle zwracamy si\u0119 do Rad Osiedli o zwi\u0119kszenie zaanga\u017cowania w dzia\u0142ania spo\u0142eczne na rzecz bezpiecze\u0144stwa i ochrony wsp\u00f3lnego mienia.<\/p>\n<p>Podkre\u015blamy, \u017ce skuteczno\u015b\u0107 tych dzia\u0142a\u0144 zale\u017cy r\u00f3wnie\u017c od postawy nas wszystkich. Brak oboj\u0119tno\u015bci wobec przejaw\u00f3w wandalizmu, szybkie reagowanie oraz wzajemna solidarno\u015b\u0107 mieszka\u0144c\u00f3w stanowi\u0105 realne wsparcie w przeciwdzia\u0142aniu tego typu zdarzeniom.<\/p>\n<p>Jednocze\u015bnie informujemy, \u017ce na bie\u017c\u0105co prowadzone s\u0105 prace polegaj\u0105ce na usuwaniu obra\u017aliwych napis\u00f3w i graffiti z elewacji budynk\u00f3w. S\u0105 to dzia\u0142ania czasoch\u0142onne i cz\u0119sto wymagaj\u0105ce wielokrotnego powtarzania, jednak konsekwentnie realizowane w trosce o estetyk\u0119 i bezpiecze\u0144stwo naszego otoczenia.<\/p>\n<p>Z powa\u017caniem<\/p>\n<p><strong>Zarz\u0105d Sp\u00f3\u0142dzielni<\/strong><\/p>\n","protected":false},"excerpt":{"rendered":"<p>Szanowni Mieszka\u0144cy, W zwi\u0105zku z nasileniem przypadk\u00f3w wandalizmu, odnotowanych w ostatnim czasie na terenie zasob\u00f3w Sp\u00f3\u0142dzielni, Zarz\u0105d podj\u0105\u0142 zdecydowane dzia\u0142ania zmierzaj\u0105ce do ograniczenia i wyeliminowania tego zjawiska.<\/p>\n","protected":false},"author":101326,"featured_media":0,"comment_status":"closed","ping_status":"closed","sticky":false,"template":"","format":"standard","meta":{"ngg_post_thumbnail":0,"footnotes":""},"categories":[6,13],"tags":[],"class_list":["post-8754","post","type-post","status-publish","format-standard","hentry","category-aktualnosci","category-strona-glowna"],"_links":{"self":[{"href":"https:\/\/www.smvictoria.pl\/index.php?rest_route=\/wp\/v2\/posts\/8754","targetHints":{"allow":["GET"]}}],"collection":[{"href":"https:\/\/www.smvictoria.pl\/index.php?rest_route=\/wp\/v2\/posts"}],"about":[{"href":"https:\/\/www.smvictoria.pl\/index.php?rest_route=\/wp\/v2\/types\/post"}],"author":[{"embeddable":true,"href":"https:\/\/www.smvictoria.pl\/index.php?rest_route=\/wp\/v2\/users\/101326"}],"replies":[{"embeddable":true,"href":"https:\/\/www.smvictoria.pl\/index.php?rest_route=%2Fwp%2Fv2%2Fcomments&post=8754"}],"version-history":[{"count":1,"href":"https:\/\/www.smvictoria.pl\/index.php?rest_route=\/wp\/v2\/posts\/8754\/revisions"}],"predecessor-version":[{"id":8755,"href":"https:\/\/www.smvictoria.pl\/index.php?rest_route=\/wp\/v2\/posts\/8754\/revisions\/8755"}],"wp:attachment":[{"href":"https:\/\/www.smvictoria.pl\/index.php?rest_route=%2Fwp%2Fv2%2Fmedia&parent=8754"}],"wp:term":[{"taxonomy":"category","embeddable":true,"href":"https:\/\/www.smvictoria.pl\/index.php?rest_route=%2Fwp%2Fv2%2Fcategories&post=8754"},{"taxonomy":"post_tag","embeddable":true,"href":"https:\/\/www.smvictoria.pl\/index.php?rest_route=%2Fwp%2Fv2%2Ftags&post=8754"}],"curies":[{"name":"wp","href":"https:\/\/api.w.org\/{rel}","templated":true}]}}